{"id":100,"date":"2024-10-14T22:06:49","date_gmt":"2024-10-14T20:06:49","guid":{"rendered":"https:\/\/bieganowskamusic.academy\/?p=100"},"modified":"2026-03-03T23:50:16","modified_gmt":"2026-03-03T22:50:16","slug":"joanna-szczerkowska","status":"publish","type":"post","link":"https:\/\/bieganowskamusic.academy\/en\/joanna-szczerkowska\/","title":{"rendered":"Joanna Szczerkowska"},"content":{"rendered":"<p>&nbsp;<\/p>\n<p>Cze\u015b\u0107! Nazywam sie Joanna Szczerkowska i jestem dyplomowan\u0105 flecistk\u0105 i wokalistk\u0105, absolwentk\u0105 klasycznego wydzia\u0142u Zespo\u0142u Pa\u0144stwowych Szk\u00f3\u0142 Muzycznych im. Feliksa Nowowiejskiego w Szczecinie. Uko\u0144czy\u0142am klas\u0119 fletu poprzecznego, fortepianu klasycznego oraz wokalistyki jazzowej.<\/p>\n<p>Zawsze wszechstronnie interesowa\u0142am si\u0119 muzyk\u0105, dzi\u0119ki czemu mia\u0142am okazj\u0119 wyst\u0119powa\u0107 w Filharmonii Szczeci\u0144skiej, zdobywa\u0107 nagrody i wyr\u00f3\u017cnienia w og\u00f3lnopolskich konkursach zar\u00f3wno fletowych jak i wokalnych. Cho\u0107 moja \u015bcie\u017cka muzyczna by\u0142a podyktowana klasyk\u0105 to ch\u0119\u0107 ci\u0105g\u0142ego rozwoju popchn\u0119\u0142a mnie w kierunku wokalistyki jazzowej, czego efektem by\u0142y m.in. wyst\u0119p w projekcie Szczecin Jazz 2023 czy udzia\u0142 w warsztatach wokalnych z dwukrotnie nominowan\u0105 do nagrody Grammy Jazzmei\u0105 Horn.<span class=\"Apple-converted-space\">\u00a0<\/span><\/p>\n<p>Moje podej\u015bcie do nauki opiera si\u0119 na swobodnej, bezstresowej atmosferze i rado\u015bci z muzykowania. Mam ogromn\u0105 pasj\u0119 do \u015bpiewu jak i fortepianu, dlatego chc\u0119 przekazywa\u0107 j\u0119zyk muzyki w przyjazny i przyst\u0119pny spos\u00f3b. Zale\u017cy mi, aby po moich zaj\u0119ciach nikt nie ba\u0142 si\u0119 gra\u0107, \u015bpiewa\u0107, a po prostu bawi\u0142 si\u0119 muzyk\u0105!<\/p>","protected":false},"excerpt":{"rendered":"<p>&nbsp; Cze\u015b\u0107! Nazywam sie Joanna Szczerkowska i jestem dyplomowan\u0105 flecistk\u0105 i wokalistk\u0105, absolwentk\u0105 klasycznego wydzia\u0142u Zespo\u0142u Pa\u0144stwowych Szk\u00f3\u0142 Muzycznych im. Feliksa Nowowiejskiego w Szczecinie. Uko\u0144czy\u0142am klas\u0119 fletu poprzecznego, fortepianu klasycznego oraz wokalistyki jazzowej. Zawsze wszechstronnie interesowa\u0142am si\u0119 muzyk\u0105, dzi\u0119ki czemu mia\u0142am okazj\u0119 wyst\u0119powa\u0107 w Filharmonii Szczeci\u0144skiej, zdobywa\u0107 nagrody i wyr\u00f3\u017cnienia w og\u00f3lnopolskich konkursach zar\u00f3wno fletowych [&hellip;]<\/p>\n","protected":false},"author":1,"featured_media":187,"comment_status":"open","ping_status":"open","sticky":false,"template":"","format":"standard","meta":{"_acf_changed":false,"footnotes":""},"categories":[4],"tags":[],"class_list":["post-100","post","type-post","status-publish","format-standard","has-post-thumbnail","hentry","category-trenerzy"],"acf":[],"yoast_head":"<title>Joanna Szczerkowska - Bieganowska Music Academy<\/title>\n<meta name=\"robots\" content=\"index, follow, max-snippet:-1, max-image-preview:large, max-video-preview:-1\" \/>\n<link rel=\"canonical\" href=\"https:\/\/bieganowskamusic.academy\/en\/joanna-szczerkowska\/\" \/>\n<meta property=\"og:locale\" content=\"en_GB\" \/>\n<meta property=\"og:type\" content=\"article\" \/>\n<meta property=\"og:title\" content=\"Joanna Szczerkowska - Bieganowska Music Academy\" \/>\n<meta property=\"og:description\" content=\"&nbsp; Cze\u015b\u0107! Nazywam sie Joanna Szczerkowska i jestem dyplomowan\u0105 flecistk\u0105 i wokalistk\u0105, absolwentk\u0105 klasycznego wydzia\u0142u Zespo\u0142u Pa\u0144stwowych Szk\u00f3\u0142 Muzycznych im. Feliksa Nowowiejskiego w Szczecinie. Uko\u0144czy\u0142am klas\u0119 fletu poprzecznego, fortepianu klasycznego oraz wokalistyki jazzowej. Zawsze wszechstronnie interesowa\u0142am si\u0119 muzyk\u0105, dzi\u0119ki czemu mia\u0142am okazj\u0119 wyst\u0119powa\u0107 w Filharmonii Szczeci\u0144skiej, zdobywa\u0107 nagrody i wyr\u00f3\u017cnienia w og\u00f3lnopolskich konkursach zar\u00f3wno fletowych [&hellip;]\" \/>\n<meta property=\"og:url\" content=\"https:\/\/bieganowskamusic.academy\/en\/joanna-szczerkowska\/\" \/>\n<meta property=\"og:site_name\" content=\"Bieganowska Music Academy\" \/>\n<meta property=\"article:published_time\" content=\"2024-10-14T20:06:49+00:00\" \/>\n<meta property=\"article:modified_time\" content=\"2026-03-03T22:50:16+00:00\" \/>\n<meta property=\"og:image\" content=\"https:\/\/bieganowskamusic.academy\/wp-content\/uploads\/IMG_9757-e1772578207338.webp\" \/>\n\t<meta property=\"og:image:width\" content=\"600\" \/>\n\t<meta property=\"og:image:height\" content=\"828\" \/>\n\t<meta property=\"og:image:type\" content=\"image\/webp\" \/>\n<meta name=\"author\" content=\"admin\" \/>\n<meta name=\"twitter:card\" content=\"summary_large_image\" \/>\n<meta name=\"twitter:label1\" content=\"Written by\" \/>\n\t<meta name=\"twitter:data1\" content=\"admin\" \/>\n\t<meta name=\"twitter:label2\" content=\"Estimated reading time\" \/>\n\t<meta name=\"twitter:data2\" content=\"2 minutes\" \/>\n<script type=\"application\/ld+json\" class=\"yoast-schema-graph\">{\"@context\":\"https:\\\/\\\/schema.org\",\"@graph\":[{\"@type\":\"Article\",\"@id\":\"https:\\\/\\\/bieganowskamusic.academy\\\/joanna-szczerkowska\\\/#article\",\"isPartOf\":{\"@id\":\"https:\\\/\\\/bieganowskamusic.academy\\\/joanna-szczerkowska\\\/\"},\"author\":{\"name\":\"admin\",\"@id\":\"https:\\\/\\\/bieganowskamusic.academy\\\/#\\\/schema\\\/person\\\/3c4be4e8d40a5a8ce4b5a02aa0dea9d8\"},\"headline\":\"Joanna Szczerkowska\",\"datePublished\":\"2024-10-14T20:06:49+00:00\",\"dateModified\":\"2026-03-03T22:50:16+00:00\",\"mainEntityOfPage\":{\"@id\":\"https:\\\/\\\/bieganowskamusic.academy\\\/joanna-szczerkowska\\\/\"},\"wordCount\":177,\"commentCount\":0,\"image\":{\"@id\":\"https:\\\/\\\/bieganowskamusic.academy\\\/joanna-szczerkowska\\\/#primaryimage\"},\"thumbnailUrl\":\"https:\\\/\\\/bieganowskamusic.academy\\\/wp-content\\\/uploads\\\/IMG_9757-e1772578207338.webp\",\"articleSection\":[\"Trenerzy\"],\"inLanguage\":\"en-GB\",\"potentialAction\":[{\"@type\":\"CommentAction\",\"name\":\"Comment\",\"target\":[\"https:\\\/\\\/bieganowskamusic.academy\\\/joanna-szczerkowska\\\/#respond\"]}]},{\"@type\":\"WebPage\",\"@id\":\"https:\\\/\\\/bieganowskamusic.academy\\\/joanna-szczerkowska\\\/\",\"url\":\"https:\\\/\\\/bieganowskamusic.academy\\\/joanna-szczerkowska\\\/\",\"name\":\"Joanna Szczerkowska - Bieganowska Music Academy\",\"isPartOf\":{\"@id\":\"https:\\\/\\\/bieganowskamusic.academy\\\/#website\"},\"primaryImageOfPage\":{\"@id\":\"https:\\\/\\\/bieganowskamusic.academy\\\/joanna-szczerkowska\\\/#primaryimage\"},\"image\":{\"@id\":\"https:\\\/\\\/bieganowskamusic.academy\\\/joanna-szczerkowska\\\/#primaryimage\"},\"thumbnailUrl\":\"https:\\\/\\\/bieganowskamusic.academy\\\/wp-content\\\/uploads\\\/IMG_9757-e1772578207338.webp\",\"datePublished\":\"2024-10-14T20:06:49+00:00\",\"dateModified\":\"2026-03-03T22:50:16+00:00\",\"author\":{\"@id\":\"https:\\\/\\\/bieganowskamusic.academy\\\/#\\\/schema\\\/person\\\/3c4be4e8d40a5a8ce4b5a02aa0dea9d8\"},\"breadcrumb\":{\"@id\":\"https:\\\/\\\/bieganowskamusic.academy\\\/joanna-szczerkowska\\\/#breadcrumb\"},\"inLanguage\":\"en-GB\",\"potentialAction\":[{\"@type\":\"ReadAction\",\"target\":[\"https:\\\/\\\/bieganowskamusic.academy\\\/joanna-szczerkowska\\\/\"]}]},{\"@type\":\"ImageObject\",\"inLanguage\":\"en-GB\",\"@id\":\"https:\\\/\\\/bieganowskamusic.academy\\\/joanna-szczerkowska\\\/#primaryimage\",\"url\":\"https:\\\/\\\/bieganowskamusic.academy\\\/wp-content\\\/uploads\\\/IMG_9757-e1772578207338.webp\",\"contentUrl\":\"https:\\\/\\\/bieganowskamusic.academy\\\/wp-content\\\/uploads\\\/IMG_9757-e1772578207338.webp\",\"width\":600,\"height\":828},{\"@type\":\"BreadcrumbList\",\"@id\":\"https:\\\/\\\/bieganowskamusic.academy\\\/joanna-szczerkowska\\\/#breadcrumb\",\"itemListElement\":[{\"@type\":\"ListItem\",\"position\":1,\"name\":\"Strona g\u0142\u00f3wna\",\"item\":\"https:\\\/\\\/bieganowskamusic.academy\\\/\"},{\"@type\":\"ListItem\",\"position\":2,\"name\":\"Joanna Szczerkowska\"}]},{\"@type\":\"WebSite\",\"@id\":\"https:\\\/\\\/bieganowskamusic.academy\\\/#website\",\"url\":\"https:\\\/\\\/bieganowskamusic.academy\\\/\",\"name\":\"Bieganowska Music Academy\",\"description\":\"\",\"potentialAction\":[{\"@type\":\"SearchAction\",\"target\":{\"@type\":\"EntryPoint\",\"urlTemplate\":\"https:\\\/\\\/bieganowskamusic.academy\\\/?s={search_term_string}\"},\"query-input\":{\"@type\":\"PropertyValueSpecification\",\"valueRequired\":true,\"valueName\":\"search_term_string\"}}],\"inLanguage\":\"en-GB\"},{\"@type\":\"Person\",\"@id\":\"https:\\\/\\\/bieganowskamusic.academy\\\/#\\\/schema\\\/person\\\/3c4be4e8d40a5a8ce4b5a02aa0dea9d8\",\"name\":\"admin\",\"image\":{\"@type\":\"ImageObject\",\"inLanguage\":\"en-GB\",\"@id\":\"https:\\\/\\\/secure.gravatar.com\\\/avatar\\\/86309daf714b88046b4cf6a83aec6e4a12aa9539f6a0827bd8aa3f7815cb5701?s=96&d=mm&r=g\",\"url\":\"https:\\\/\\\/secure.gravatar.com\\\/avatar\\\/86309daf714b88046b4cf6a83aec6e4a12aa9539f6a0827bd8aa3f7815cb5701?s=96&d=mm&r=g\",\"contentUrl\":\"https:\\\/\\\/secure.gravatar.com\\\/avatar\\\/86309daf714b88046b4cf6a83aec6e4a12aa9539f6a0827bd8aa3f7815cb5701?s=96&d=mm&r=g\",\"caption\":\"admin\"},\"sameAs\":[\"https:\\\/\\\/bieganowskamusic.academy\"],\"url\":\"https:\\\/\\\/bieganowskamusic.academy\\\/en\\\/author\\\/admin\\\/\"}]}<\/script>","yoast_head_json":{"title":"Joanna Szczerkowska - Bieganowska Music Academy","robots":{"index":"index","follow":"follow","max-snippet":"max-snippet:-1","max-image-preview":"max-image-preview:large","max-video-preview":"max-video-preview:-1"},"canonical":"https:\/\/bieganowskamusic.academy\/en\/joanna-szczerkowska\/","og_locale":"en_GB","og_type":"article","og_title":"Joanna Szczerkowska - Bieganowska Music Academy","og_description":"&nbsp; Cze\u015b\u0107! Nazywam sie Joanna Szczerkowska i jestem dyplomowan\u0105 flecistk\u0105 i wokalistk\u0105, absolwentk\u0105 klasycznego wydzia\u0142u Zespo\u0142u Pa\u0144stwowych Szk\u00f3\u0142 Muzycznych im. Feliksa Nowowiejskiego w Szczecinie. Uko\u0144czy\u0142am klas\u0119 fletu poprzecznego, fortepianu klasycznego oraz wokalistyki jazzowej. Zawsze wszechstronnie interesowa\u0142am si\u0119 muzyk\u0105, dzi\u0119ki czemu mia\u0142am okazj\u0119 wyst\u0119powa\u0107 w Filharmonii Szczeci\u0144skiej, zdobywa\u0107 nagrody i wyr\u00f3\u017cnienia w og\u00f3lnopolskich konkursach zar\u00f3wno fletowych [&hellip;]","og_url":"https:\/\/bieganowskamusic.academy\/en\/joanna-szczerkowska\/","og_site_name":"Bieganowska Music Academy","article_published_time":"2024-10-14T20:06:49+00:00","article_modified_time":"2026-03-03T22:50:16+00:00","og_image":[{"width":600,"height":828,"url":"https:\/\/bieganowskamusic.academy\/wp-content\/uploads\/IMG_9757-e1772578207338.webp","type":"image\/webp"}],"author":"admin","twitter_card":"summary_large_image","twitter_misc":{"Written by":"admin","Estimated reading time":"2 minutes"},"schema":{"@context":"https:\/\/schema.org","@graph":[{"@type":"Article","@id":"https:\/\/bieganowskamusic.academy\/joanna-szczerkowska\/#article","isPartOf":{"@id":"https:\/\/bieganowskamusic.academy\/joanna-szczerkowska\/"},"author":{"name":"admin","@id":"https:\/\/bieganowskamusic.academy\/#\/schema\/person\/3c4be4e8d40a5a8ce4b5a02aa0dea9d8"},"headline":"Joanna Szczerkowska","datePublished":"2024-10-14T20:06:49+00:00","dateModified":"2026-03-03T22:50:16+00:00","mainEntityOfPage":{"@id":"https:\/\/bieganowskamusic.academy\/joanna-szczerkowska\/"},"wordCount":177,"commentCount":0,"image":{"@id":"https:\/\/bieganowskamusic.academy\/joanna-szczerkowska\/#primaryimage"},"thumbnailUrl":"https:\/\/bieganowskamusic.academy\/wp-content\/uploads\/IMG_9757-e1772578207338.webp","articleSection":["Trenerzy"],"inLanguage":"en-GB","potentialAction":[{"@type":"CommentAction","name":"Comment","target":["https:\/\/bieganowskamusic.academy\/joanna-szczerkowska\/#respond"]}]},{"@type":"WebPage","@id":"https:\/\/bieganowskamusic.academy\/joanna-szczerkowska\/","url":"https:\/\/bieganowskamusic.academy\/joanna-szczerkowska\/","name":"Joanna Szczerkowska - Bieganowska Music Academy","isPartOf":{"@id":"https:\/\/bieganowskamusic.academy\/#website"},"primaryImageOfPage":{"@id":"https:\/\/bieganowskamusic.academy\/joanna-szczerkowska\/#primaryimage"},"image":{"@id":"https:\/\/bieganowskamusic.academy\/joanna-szczerkowska\/#primaryimage"},"thumbnailUrl":"https:\/\/bieganowskamusic.academy\/wp-content\/uploads\/IMG_9757-e1772578207338.webp","datePublished":"2024-10-14T20:06:49+00:00","dateModified":"2026-03-03T22:50:16+00:00","author":{"@id":"https:\/\/bieganowskamusic.academy\/#\/schema\/person\/3c4be4e8d40a5a8ce4b5a02aa0dea9d8"},"breadcrumb":{"@id":"https:\/\/bieganowskamusic.academy\/joanna-szczerkowska\/#breadcrumb"},"inLanguage":"en-GB","potentialAction":[{"@type":"ReadAction","target":["https:\/\/bieganowskamusic.academy\/joanna-szczerkowska\/"]}]},{"@type":"ImageObject","inLanguage":"en-GB","@id":"https:\/\/bieganowskamusic.academy\/joanna-szczerkowska\/#primaryimage","url":"https:\/\/bieganowskamusic.academy\/wp-content\/uploads\/IMG_9757-e1772578207338.webp","contentUrl":"https:\/\/bieganowskamusic.academy\/wp-content\/uploads\/IMG_9757-e1772578207338.webp","width":600,"height":828},{"@type":"BreadcrumbList","@id":"https:\/\/bieganowskamusic.academy\/joanna-szczerkowska\/#breadcrumb","itemListElement":[{"@type":"ListItem","position":1,"name":"Strona g\u0142\u00f3wna","item":"https:\/\/bieganowskamusic.academy\/"},{"@type":"ListItem","position":2,"name":"Joanna Szczerkowska"}]},{"@type":"WebSite","@id":"https:\/\/bieganowskamusic.academy\/#website","url":"https:\/\/bieganowskamusic.academy\/","name":"Bieganowska Music Academy","description":"","potentialAction":[{"@type":"SearchAction","target":{"@type":"EntryPoint","urlTemplate":"https:\/\/bieganowskamusic.academy\/?s={search_term_string}"},"query-input":{"@type":"PropertyValueSpecification","valueRequired":true,"valueName":"search_term_string"}}],"inLanguage":"en-GB"},{"@type":"Person","@id":"https:\/\/bieganowskamusic.academy\/#\/schema\/person\/3c4be4e8d40a5a8ce4b5a02aa0dea9d8","name":"admin","image":{"@type":"ImageObject","inLanguage":"en-GB","@id":"https:\/\/secure.gravatar.com\/avatar\/86309daf714b88046b4cf6a83aec6e4a12aa9539f6a0827bd8aa3f7815cb5701?s=96&d=mm&r=g","url":"https:\/\/secure.gravatar.com\/avatar\/86309daf714b88046b4cf6a83aec6e4a12aa9539f6a0827bd8aa3f7815cb5701?s=96&d=mm&r=g","contentUrl":"https:\/\/secure.gravatar.com\/avatar\/86309daf714b88046b4cf6a83aec6e4a12aa9539f6a0827bd8aa3f7815cb5701?s=96&d=mm&r=g","caption":"admin"},"sameAs":["https:\/\/bieganowskamusic.academy"],"url":"https:\/\/bieganowskamusic.academy\/en\/author\/admin\/"}]}},"_links":{"self":[{"href":"https:\/\/bieganowskamusic.academy\/en\/wp-json\/wp\/v2\/posts\/100","targetHints":{"allow":["GET"]}}],"collection":[{"href":"https:\/\/bieganowskamusic.academy\/en\/wp-json\/wp\/v2\/posts"}],"about":[{"href":"https:\/\/bieganowskamusic.academy\/en\/wp-json\/wp\/v2\/types\/post"}],"author":[{"embeddable":true,"href":"https:\/\/bieganowskamusic.academy\/en\/wp-json\/wp\/v2\/users\/1"}],"replies":[{"embeddable":true,"href":"https:\/\/bieganowskamusic.academy\/en\/wp-json\/wp\/v2\/comments?post=100"}],"version-history":[{"count":17,"href":"https:\/\/bieganowskamusic.academy\/en\/wp-json\/wp\/v2\/posts\/100\/revisions"}],"predecessor-version":[{"id":186,"href":"https:\/\/bieganowskamusic.academy\/en\/wp-json\/wp\/v2\/posts\/100\/revisions\/186"}],"wp:featuredmedia":[{"embeddable":true,"href":"https:\/\/bieganowskamusic.academy\/en\/wp-json\/wp\/v2\/media\/187"}],"wp:attachment":[{"href":"https:\/\/bieganowskamusic.academy\/en\/wp-json\/wp\/v2\/media?parent=100"}],"wp:term":[{"taxonomy":"category","embeddable":true,"href":"https:\/\/bieganowskamusic.academy\/en\/wp-json\/wp\/v2\/categories?post=100"},{"taxonomy":"post_tag","embeddable":true,"href":"https:\/\/bieganowskamusic.academy\/en\/wp-json\/wp\/v2\/tags?post=100"}],"curies":[{"name":"wp","href":"https:\/\/api.w.org\/{rel}","templated":true}]}}