{"id":34,"date":"2024-05-31T16:22:17","date_gmt":"2024-05-31T14:22:17","guid":{"rendered":"http:\/\/bieganowska-music.dvl.to\/?p=34"},"modified":"2026-01-14T23:04:25","modified_gmt":"2026-01-14T22:04:25","slug":"magda-panek","status":"publish","type":"post","link":"https:\/\/bieganowskamusic.academy\/en\/magda-panek\/","title":{"rendered":"Magda Panek"},"content":{"rendered":"<p>Cze\u015b\u0107 i czo\u0142em! Nazywam si\u0119 Magda Panek i jestem trenerk\u0105 wokaln\u0105, wokalistk\u0105, kompozytork\u0105, oraz autork\u0105 tekst\u00f3w. Muzyka to moja najwi\u0119ksza pasja, a moj\u0105 misj\u0105 jest pomaganie innym w odkrywaniu swojego w\u0142asnego, zdrowego i unikalnego g\u0142osu.<\/p>\n\n\n\n<p>Swoje do\u015bwiadczenie zdobywa\u0142am przez wiele lat, jako uczestniczka X edycji The Voice of Poland, laureatka wielu festiwali mi\u0119dzynarodowych oraz uczestniczka wielu warsztat\u00f3w wokalnych ze specjalistami z dziedzin wokalu, dubbingu oraz musicalu. Jako wokalistka wsp\u00f3\u0142pracowa\u0142am z firm\u0105 fonograficzn\u0105 Musicom, a obecnie jestem zwi\u0105zana z wydawnictwem Agora Digital, z kt\u00f3rym pracuj\u0119 nad kolejnymi premierami.<\/p>\n\n\n\n<p>Podczas moich zaj\u0119\u0107 stawiam na indywidualne podej\u015bcie do ka\u017cdego ucznia. Pomagam w przywr\u00f3ceniu prawid\u0142owej pracy g\u0142osu, jego zbalansowaniu oraz rozwijaniu techniki wokalnej. Pracuj\u0119 nad oddechem, interpretacj\u0105 utwor\u00f3w, ekspresj\u0105 sceniczn\u0105 i oferuj\u0119 konsultacje z songwritingu, kt\u00f3re pomagaj\u0105 w tworzeniu autorskiego materia\u0142u. Moim celem jest nie tylko rozw\u00f3j techniczny wokalisty, ale tak\u017ce odnalezienie jego autentyczno\u015bci i pewno\u015bci siebie w \u015bpiewie. Jako studentka psychologii staram si\u0119 podchodzi\u0107 do pracy z g\u0142osem holistycznie oraz \u0142\u0105czy\u0107 aspekty techniczne z emocjonalnym wyrazem i osobist\u0105 ekspresj\u0105.<\/p>\n\n\n\n<p>Nieustannie rozwijam swoje umiej\u0119tno\u015bci, uczestnicz\u0105c w szkoleniach i kursach takich jak: \u201cJak skutecznie uczy\u0107 \u015bpiewu\u201d organizowanym przez Stowarzyszenie Wokalist\u00f3w Mix, Szkolenia dla Trener\u00f3w Wokalnych z Krzysztofem Wojciechowskim (I i II stopnie\u0144), czy \u015awiadomy oddech (Oddech na Stres).&nbsp;<br>W 2025r. uko\u0144czy\u0142am mi\u0119dzynarodow\u0105 certyfikacj\u0119 na szkoleniu Modern Vocal Training (I stopnia).&nbsp;<\/p>","protected":false},"excerpt":{"rendered":"<p>Cze\u015b\u0107 i czo\u0142em! Nazywam si\u0119 Magda Panek i jestem trenerk\u0105 wokaln\u0105, wokalistk\u0105, kompozytork\u0105, oraz autork\u0105 tekst\u00f3w. Muzyka to moja najwi\u0119ksza pasja, a moj\u0105 misj\u0105 jest pomaganie innym w odkrywaniu swojego w\u0142asnego, zdrowego i unikalnego g\u0142osu. Swoje do\u015bwiadczenie zdobywa\u0142am przez wiele lat, jako uczestniczka X edycji The Voice of Poland, laureatka wielu festiwali mi\u0119dzynarodowych oraz uczestniczka [&hellip;]<\/p>\n","protected":false},"author":1,"featured_media":160,"comment_status":"open","ping_status":"open","sticky":false,"template":"","format":"standard","meta":{"_acf_changed":false,"footnotes":""},"categories":[4],"tags":[],"class_list":["post-34","post","type-post","status-publish","format-standard","has-post-thumbnail","hentry","category-trenerzy"],"acf":[],"yoast_head":"<title>Magda Panek - Bieganowska Music Academy<\/title>\n<meta name=\"robots\" content=\"index, follow, max-snippet:-1, max-image-preview:large, max-video-preview:-1\" \/>\n<link rel=\"canonical\" href=\"https:\/\/bieganowskamusic.academy\/en\/magda-panek\/\" \/>\n<meta property=\"og:locale\" content=\"en_GB\" \/>\n<meta property=\"og:type\" content=\"article\" \/>\n<meta property=\"og:title\" content=\"Magda Panek - Bieganowska Music Academy\" \/>\n<meta property=\"og:description\" content=\"Cze\u015b\u0107 i czo\u0142em! Nazywam si\u0119 Magda Panek i jestem trenerk\u0105 wokaln\u0105, wokalistk\u0105, kompozytork\u0105, oraz autork\u0105 tekst\u00f3w. Muzyka to moja najwi\u0119ksza pasja, a moj\u0105 misj\u0105 jest pomaganie innym w odkrywaniu swojego w\u0142asnego, zdrowego i unikalnego g\u0142osu. Swoje do\u015bwiadczenie zdobywa\u0142am przez wiele lat, jako uczestniczka X edycji The Voice of Poland, laureatka wielu festiwali mi\u0119dzynarodowych oraz uczestniczka [&hellip;]\" \/>\n<meta property=\"og:url\" content=\"https:\/\/bieganowskamusic.academy\/en\/magda-panek\/\" \/>\n<meta property=\"og:site_name\" content=\"Bieganowska Music Academy\" \/>\n<meta property=\"article:published_time\" content=\"2024-05-31T14:22:17+00:00\" \/>\n<meta property=\"article:modified_time\" content=\"2026-01-14T22:04:25+00:00\" \/>\n<meta property=\"og:image\" content=\"https:\/\/bieganowskamusic.academy\/wp-content\/uploads\/DSC_0048-Edit-kopia-e1768397522630.webp\" \/>\n\t<meta property=\"og:image:width\" content=\"2117\" \/>\n\t<meta property=\"og:image:height\" content=\"2268\" \/>\n\t<meta property=\"og:image:type\" content=\"image\/webp\" \/>\n<meta name=\"author\" content=\"admin\" \/>\n<meta name=\"twitter:card\" content=\"summary_large_image\" \/>\n<meta name=\"twitter:label1\" content=\"Written by\" \/>\n\t<meta name=\"twitter:data1\" content=\"admin\" \/>\n\t<meta name=\"twitter:label2\" content=\"Estimated reading time\" \/>\n\t<meta name=\"twitter:data2\" content=\"2 minutes\" \/>\n<script type=\"application\/ld+json\" class=\"yoast-schema-graph\">{\"@context\":\"https:\\\/\\\/schema.org\",\"@graph\":[{\"@type\":\"Article\",\"@id\":\"https:\\\/\\\/bieganowskamusic.academy\\\/magda-panek\\\/#article\",\"isPartOf\":{\"@id\":\"https:\\\/\\\/bieganowskamusic.academy\\\/magda-panek\\\/\"},\"author\":{\"name\":\"admin\",\"@id\":\"https:\\\/\\\/bieganowskamusic.academy\\\/#\\\/schema\\\/person\\\/3c4be4e8d40a5a8ce4b5a02aa0dea9d8\"},\"headline\":\"Magda Panek\",\"datePublished\":\"2024-05-31T14:22:17+00:00\",\"dateModified\":\"2026-01-14T22:04:25+00:00\",\"mainEntityOfPage\":{\"@id\":\"https:\\\/\\\/bieganowskamusic.academy\\\/magda-panek\\\/\"},\"wordCount\":253,\"commentCount\":0,\"image\":{\"@id\":\"https:\\\/\\\/bieganowskamusic.academy\\\/magda-panek\\\/#primaryimage\"},\"thumbnailUrl\":\"https:\\\/\\\/bieganowskamusic.academy\\\/wp-content\\\/uploads\\\/DSC_0048-Edit-kopia-e1768397522630.webp\",\"articleSection\":[\"Trenerzy\"],\"inLanguage\":\"en-GB\",\"potentialAction\":[{\"@type\":\"CommentAction\",\"name\":\"Comment\",\"target\":[\"https:\\\/\\\/bieganowskamusic.academy\\\/magda-panek\\\/#respond\"]}]},{\"@type\":\"WebPage\",\"@id\":\"https:\\\/\\\/bieganowskamusic.academy\\\/magda-panek\\\/\",\"url\":\"https:\\\/\\\/bieganowskamusic.academy\\\/magda-panek\\\/\",\"name\":\"Magda Panek - Bieganowska Music Academy\",\"isPartOf\":{\"@id\":\"https:\\\/\\\/bieganowskamusic.academy\\\/#website\"},\"primaryImageOfPage\":{\"@id\":\"https:\\\/\\\/bieganowskamusic.academy\\\/magda-panek\\\/#primaryimage\"},\"image\":{\"@id\":\"https:\\\/\\\/bieganowskamusic.academy\\\/magda-panek\\\/#primaryimage\"},\"thumbnailUrl\":\"https:\\\/\\\/bieganowskamusic.academy\\\/wp-content\\\/uploads\\\/DSC_0048-Edit-kopia-e1768397522630.webp\",\"datePublished\":\"2024-05-31T14:22:17+00:00\",\"dateModified\":\"2026-01-14T22:04:25+00:00\",\"author\":{\"@id\":\"https:\\\/\\\/bieganowskamusic.academy\\\/#\\\/schema\\\/person\\\/3c4be4e8d40a5a8ce4b5a02aa0dea9d8\"},\"breadcrumb\":{\"@id\":\"https:\\\/\\\/bieganowskamusic.academy\\\/magda-panek\\\/#breadcrumb\"},\"inLanguage\":\"en-GB\",\"potentialAction\":[{\"@type\":\"ReadAction\",\"target\":[\"https:\\\/\\\/bieganowskamusic.academy\\\/magda-panek\\\/\"]}]},{\"@type\":\"ImageObject\",\"inLanguage\":\"en-GB\",\"@id\":\"https:\\\/\\\/bieganowskamusic.academy\\\/magda-panek\\\/#primaryimage\",\"url\":\"https:\\\/\\\/bieganowskamusic.academy\\\/wp-content\\\/uploads\\\/DSC_0048-Edit-kopia-e1768397522630.webp\",\"contentUrl\":\"https:\\\/\\\/bieganowskamusic.academy\\\/wp-content\\\/uploads\\\/DSC_0048-Edit-kopia-e1768397522630.webp\",\"width\":2117,\"height\":2268},{\"@type\":\"BreadcrumbList\",\"@id\":\"https:\\\/\\\/bieganowskamusic.academy\\\/magda-panek\\\/#breadcrumb\",\"itemListElement\":[{\"@type\":\"ListItem\",\"position\":1,\"name\":\"Strona g\u0142\u00f3wna\",\"item\":\"https:\\\/\\\/bieganowskamusic.academy\\\/\"},{\"@type\":\"ListItem\",\"position\":2,\"name\":\"Magda Panek\"}]},{\"@type\":\"WebSite\",\"@id\":\"https:\\\/\\\/bieganowskamusic.academy\\\/#website\",\"url\":\"https:\\\/\\\/bieganowskamusic.academy\\\/\",\"name\":\"Bieganowska Music Academy\",\"description\":\"\",\"potentialAction\":[{\"@type\":\"SearchAction\",\"target\":{\"@type\":\"EntryPoint\",\"urlTemplate\":\"https:\\\/\\\/bieganowskamusic.academy\\\/?s={search_term_string}\"},\"query-input\":{\"@type\":\"PropertyValueSpecification\",\"valueRequired\":true,\"valueName\":\"search_term_string\"}}],\"inLanguage\":\"en-GB\"},{\"@type\":\"Person\",\"@id\":\"https:\\\/\\\/bieganowskamusic.academy\\\/#\\\/schema\\\/person\\\/3c4be4e8d40a5a8ce4b5a02aa0dea9d8\",\"name\":\"admin\",\"image\":{\"@type\":\"ImageObject\",\"inLanguage\":\"en-GB\",\"@id\":\"https:\\\/\\\/secure.gravatar.com\\\/avatar\\\/86309daf714b88046b4cf6a83aec6e4a12aa9539f6a0827bd8aa3f7815cb5701?s=96&d=mm&r=g\",\"url\":\"https:\\\/\\\/secure.gravatar.com\\\/avatar\\\/86309daf714b88046b4cf6a83aec6e4a12aa9539f6a0827bd8aa3f7815cb5701?s=96&d=mm&r=g\",\"contentUrl\":\"https:\\\/\\\/secure.gravatar.com\\\/avatar\\\/86309daf714b88046b4cf6a83aec6e4a12aa9539f6a0827bd8aa3f7815cb5701?s=96&d=mm&r=g\",\"caption\":\"admin\"},\"sameAs\":[\"https:\\\/\\\/bieganowskamusic.academy\"],\"url\":\"https:\\\/\\\/bieganowskamusic.academy\\\/en\\\/author\\\/admin\\\/\"}]}<\/script>","yoast_head_json":{"title":"Magda Panek - Bieganowska Music Academy","robots":{"index":"index","follow":"follow","max-snippet":"max-snippet:-1","max-image-preview":"max-image-preview:large","max-video-preview":"max-video-preview:-1"},"canonical":"https:\/\/bieganowskamusic.academy\/en\/magda-panek\/","og_locale":"en_GB","og_type":"article","og_title":"Magda Panek - Bieganowska Music Academy","og_description":"Cze\u015b\u0107 i czo\u0142em! Nazywam si\u0119 Magda Panek i jestem trenerk\u0105 wokaln\u0105, wokalistk\u0105, kompozytork\u0105, oraz autork\u0105 tekst\u00f3w. Muzyka to moja najwi\u0119ksza pasja, a moj\u0105 misj\u0105 jest pomaganie innym w odkrywaniu swojego w\u0142asnego, zdrowego i unikalnego g\u0142osu. Swoje do\u015bwiadczenie zdobywa\u0142am przez wiele lat, jako uczestniczka X edycji The Voice of Poland, laureatka wielu festiwali mi\u0119dzynarodowych oraz uczestniczka [&hellip;]","og_url":"https:\/\/bieganowskamusic.academy\/en\/magda-panek\/","og_site_name":"Bieganowska Music Academy","article_published_time":"2024-05-31T14:22:17+00:00","article_modified_time":"2026-01-14T22:04:25+00:00","og_image":[{"width":2117,"height":2268,"url":"https:\/\/bieganowskamusic.academy\/wp-content\/uploads\/DSC_0048-Edit-kopia-e1768397522630.webp","type":"image\/webp"}],"author":"admin","twitter_card":"summary_large_image","twitter_misc":{"Written by":"admin","Estimated reading time":"2 minutes"},"schema":{"@context":"https:\/\/schema.org","@graph":[{"@type":"Article","@id":"https:\/\/bieganowskamusic.academy\/magda-panek\/#article","isPartOf":{"@id":"https:\/\/bieganowskamusic.academy\/magda-panek\/"},"author":{"name":"admin","@id":"https:\/\/bieganowskamusic.academy\/#\/schema\/person\/3c4be4e8d40a5a8ce4b5a02aa0dea9d8"},"headline":"Magda Panek","datePublished":"2024-05-31T14:22:17+00:00","dateModified":"2026-01-14T22:04:25+00:00","mainEntityOfPage":{"@id":"https:\/\/bieganowskamusic.academy\/magda-panek\/"},"wordCount":253,"commentCount":0,"image":{"@id":"https:\/\/bieganowskamusic.academy\/magda-panek\/#primaryimage"},"thumbnailUrl":"https:\/\/bieganowskamusic.academy\/wp-content\/uploads\/DSC_0048-Edit-kopia-e1768397522630.webp","articleSection":["Trenerzy"],"inLanguage":"en-GB","potentialAction":[{"@type":"CommentAction","name":"Comment","target":["https:\/\/bieganowskamusic.academy\/magda-panek\/#respond"]}]},{"@type":"WebPage","@id":"https:\/\/bieganowskamusic.academy\/magda-panek\/","url":"https:\/\/bieganowskamusic.academy\/magda-panek\/","name":"Magda Panek - Bieganowska Music Academy","isPartOf":{"@id":"https:\/\/bieganowskamusic.academy\/#website"},"primaryImageOfPage":{"@id":"https:\/\/bieganowskamusic.academy\/magda-panek\/#primaryimage"},"image":{"@id":"https:\/\/bieganowskamusic.academy\/magda-panek\/#primaryimage"},"thumbnailUrl":"https:\/\/bieganowskamusic.academy\/wp-content\/uploads\/DSC_0048-Edit-kopia-e1768397522630.webp","datePublished":"2024-05-31T14:22:17+00:00","dateModified":"2026-01-14T22:04:25+00:00","author":{"@id":"https:\/\/bieganowskamusic.academy\/#\/schema\/person\/3c4be4e8d40a5a8ce4b5a02aa0dea9d8"},"breadcrumb":{"@id":"https:\/\/bieganowskamusic.academy\/magda-panek\/#breadcrumb"},"inLanguage":"en-GB","potentialAction":[{"@type":"ReadAction","target":["https:\/\/bieganowskamusic.academy\/magda-panek\/"]}]},{"@type":"ImageObject","inLanguage":"en-GB","@id":"https:\/\/bieganowskamusic.academy\/magda-panek\/#primaryimage","url":"https:\/\/bieganowskamusic.academy\/wp-content\/uploads\/DSC_0048-Edit-kopia-e1768397522630.webp","contentUrl":"https:\/\/bieganowskamusic.academy\/wp-content\/uploads\/DSC_0048-Edit-kopia-e1768397522630.webp","width":2117,"height":2268},{"@type":"BreadcrumbList","@id":"https:\/\/bieganowskamusic.academy\/magda-panek\/#breadcrumb","itemListElement":[{"@type":"ListItem","position":1,"name":"Strona g\u0142\u00f3wna","item":"https:\/\/bieganowskamusic.academy\/"},{"@type":"ListItem","position":2,"name":"Magda Panek"}]},{"@type":"WebSite","@id":"https:\/\/bieganowskamusic.academy\/#website","url":"https:\/\/bieganowskamusic.academy\/","name":"Bieganowska Music Academy","description":"","potentialAction":[{"@type":"SearchAction","target":{"@type":"EntryPoint","urlTemplate":"https:\/\/bieganowskamusic.academy\/?s={search_term_string}"},"query-input":{"@type":"PropertyValueSpecification","valueRequired":true,"valueName":"search_term_string"}}],"inLanguage":"en-GB"},{"@type":"Person","@id":"https:\/\/bieganowskamusic.academy\/#\/schema\/person\/3c4be4e8d40a5a8ce4b5a02aa0dea9d8","name":"admin","image":{"@type":"ImageObject","inLanguage":"en-GB","@id":"https:\/\/secure.gravatar.com\/avatar\/86309daf714b88046b4cf6a83aec6e4a12aa9539f6a0827bd8aa3f7815cb5701?s=96&d=mm&r=g","url":"https:\/\/secure.gravatar.com\/avatar\/86309daf714b88046b4cf6a83aec6e4a12aa9539f6a0827bd8aa3f7815cb5701?s=96&d=mm&r=g","contentUrl":"https:\/\/secure.gravatar.com\/avatar\/86309daf714b88046b4cf6a83aec6e4a12aa9539f6a0827bd8aa3f7815cb5701?s=96&d=mm&r=g","caption":"admin"},"sameAs":["https:\/\/bieganowskamusic.academy"],"url":"https:\/\/bieganowskamusic.academy\/en\/author\/admin\/"}]}},"_links":{"self":[{"href":"https:\/\/bieganowskamusic.academy\/en\/wp-json\/wp\/v2\/posts\/34","targetHints":{"allow":["GET"]}}],"collection":[{"href":"https:\/\/bieganowskamusic.academy\/en\/wp-json\/wp\/v2\/posts"}],"about":[{"href":"https:\/\/bieganowskamusic.academy\/en\/wp-json\/wp\/v2\/types\/post"}],"author":[{"embeddable":true,"href":"https:\/\/bieganowskamusic.academy\/en\/wp-json\/wp\/v2\/users\/1"}],"replies":[{"embeddable":true,"href":"https:\/\/bieganowskamusic.academy\/en\/wp-json\/wp\/v2\/comments?post=34"}],"version-history":[{"count":9,"href":"https:\/\/bieganowskamusic.academy\/en\/wp-json\/wp\/v2\/posts\/34\/revisions"}],"predecessor-version":[{"id":179,"href":"https:\/\/bieganowskamusic.academy\/en\/wp-json\/wp\/v2\/posts\/34\/revisions\/179"}],"wp:featuredmedia":[{"embeddable":true,"href":"https:\/\/bieganowskamusic.academy\/en\/wp-json\/wp\/v2\/media\/160"}],"wp:attachment":[{"href":"https:\/\/bieganowskamusic.academy\/en\/wp-json\/wp\/v2\/media?parent=34"}],"wp:term":[{"taxonomy":"category","embeddable":true,"href":"https:\/\/bieganowskamusic.academy\/en\/wp-json\/wp\/v2\/categories?post=34"},{"taxonomy":"post_tag","embeddable":true,"href":"https:\/\/bieganowskamusic.academy\/en\/wp-json\/wp\/v2\/tags?post=34"}],"curies":[{"name":"wp","href":"https:\/\/api.w.org\/{rel}","templated":true}]}}