{"id":48,"date":"2024-05-31T17:34:54","date_gmt":"2024-05-31T15:34:54","guid":{"rendered":"http:\/\/bieganowska-music.dvl.to\/?p=48"},"modified":"2026-01-14T14:55:10","modified_gmt":"2026-01-14T13:55:10","slug":"sisa-marchlik","status":"publish","type":"post","link":"https:\/\/bieganowskamusic.academy\/en\/sisa-marchlik\/","title":{"rendered":"Maryla Modzelan"},"content":{"rendered":"<p>Cze\u015b\u0107! \ud83d\ude42<\/p>\n<p>Jestem wokalistk\u0105, pianistk\u0105, kompozytork\u0105, performerk\u0105 i absolwentk\u0105 wokalistyki estradowej na Akademii Muzycznej w \u0141odzi. Wsp\u00f3\u0142pracowa\u0142am z takimi artystami jak Doda, Ten Typ Mes, Ania Szarmach.<br \/>\nUtw\u00f3r mojego autorstwa promuje 11 oraz 12 edycje s\u0142ynnego programu The Voice of Poland, a g\u0142os wita Pa\u0144stwa w dzinglu Radia Z\u0142ote Przeboje.<\/p>\n<p>Czego mo\u017cecie si\u0119 spodziewa\u0107 na zaj\u0119ciach?<\/p>\n<p>Pracy nad poprawn\u0105 technik\u0105 wokaln\u0105 i oddechow\u0105, interpretacji utwor\u00f3w muzycznych, rozwijania kreatywno\u015bci i muzykalno\u015bci, budowania pewno\u015bci siebie. A z pianistami doskonalimy umiej\u0119tno\u015b\u0107 gry na pianinie. Na zaj\u0119ciach mo\u017cecie liczy\u0107 na indywidualne podej\u015bcie w mi\u0142ej, przyjaznej i inspiruj\u0105cej atmosferze.<\/p>","protected":false},"excerpt":{"rendered":"<p>Cze\u015b\u0107! \ud83d\ude42 Jestem wokalistk\u0105, pianistk\u0105, kompozytork\u0105, performerk\u0105 i absolwentk\u0105 wokalistyki estradowej na Akademii Muzycznej w \u0141odzi. Wsp\u00f3\u0142pracowa\u0142am z takimi artystami jak Doda, Ten Typ Mes, Ania Szarmach. Utw\u00f3r mojego autorstwa promuje 11 oraz 12 edycje s\u0142ynnego programu The Voice of Poland, a g\u0142os wita Pa\u0144stwa w dzinglu Radia Z\u0142ote Przeboje. Czego mo\u017cecie si\u0119 spodziewa\u0107 na [&hellip;]<\/p>\n","protected":false},"author":1,"featured_media":78,"comment_status":"open","ping_status":"open","sticky":false,"template":"","format":"standard","meta":{"_acf_changed":false,"footnotes":""},"categories":[4],"tags":[],"class_list":["post-48","post","type-post","status-publish","format-standard","has-post-thumbnail","hentry","category-trenerzy"],"acf":[],"yoast_head":"<title>Maryla Modzelan - Bieganowska Music Academy<\/title>\n<meta name=\"robots\" content=\"index, follow, max-snippet:-1, max-image-preview:large, max-video-preview:-1\" \/>\n<link rel=\"canonical\" href=\"https:\/\/bieganowskamusic.academy\/en\/sisa-marchlik\/\" \/>\n<meta property=\"og:locale\" content=\"en_GB\" \/>\n<meta property=\"og:type\" content=\"article\" \/>\n<meta property=\"og:title\" content=\"Maryla Modzelan - Bieganowska Music Academy\" \/>\n<meta property=\"og:description\" content=\"Cze\u015b\u0107! \ud83d\ude42 Jestem wokalistk\u0105, pianistk\u0105, kompozytork\u0105, performerk\u0105 i absolwentk\u0105 wokalistyki estradowej na Akademii Muzycznej w \u0141odzi. Wsp\u00f3\u0142pracowa\u0142am z takimi artystami jak Doda, Ten Typ Mes, Ania Szarmach. Utw\u00f3r mojego autorstwa promuje 11 oraz 12 edycje s\u0142ynnego programu The Voice of Poland, a g\u0142os wita Pa\u0144stwa w dzinglu Radia Z\u0142ote Przeboje. Czego mo\u017cecie si\u0119 spodziewa\u0107 na [&hellip;]\" \/>\n<meta property=\"og:url\" content=\"https:\/\/bieganowskamusic.academy\/en\/sisa-marchlik\/\" \/>\n<meta property=\"og:site_name\" content=\"Bieganowska Music Academy\" \/>\n<meta property=\"article:published_time\" content=\"2024-05-31T15:34:54+00:00\" \/>\n<meta property=\"article:modified_time\" content=\"2026-01-14T13:55:10+00:00\" \/>\n<meta property=\"og:image\" content=\"https:\/\/bieganowskamusic.academy\/wp-content\/uploads\/43792941-6d93-4107-ba51-32eb24004205-e1768398352748.webp\" \/>\n\t<meta property=\"og:image:width\" content=\"948\" \/>\n\t<meta property=\"og:image:height\" content=\"1007\" \/>\n\t<meta property=\"og:image:type\" content=\"image\/webp\" \/>\n<meta name=\"author\" content=\"admin\" \/>\n<meta name=\"twitter:card\" content=\"summary_large_image\" \/>\n<meta name=\"twitter:label1\" content=\"Written by\" \/>\n\t<meta name=\"twitter:data1\" content=\"admin\" \/>\n\t<meta name=\"twitter:label2\" content=\"Estimated reading time\" \/>\n\t<meta name=\"twitter:data2\" content=\"1 minute\" \/>\n<script type=\"application\/ld+json\" class=\"yoast-schema-graph\">{\"@context\":\"https:\\\/\\\/schema.org\",\"@graph\":[{\"@type\":\"Article\",\"@id\":\"https:\\\/\\\/bieganowskamusic.academy\\\/sisa-marchlik\\\/#article\",\"isPartOf\":{\"@id\":\"https:\\\/\\\/bieganowskamusic.academy\\\/sisa-marchlik\\\/\"},\"author\":{\"name\":\"admin\",\"@id\":\"https:\\\/\\\/bieganowskamusic.academy\\\/#\\\/schema\\\/person\\\/3c4be4e8d40a5a8ce4b5a02aa0dea9d8\"},\"headline\":\"Maryla Modzelan\",\"datePublished\":\"2024-05-31T15:34:54+00:00\",\"dateModified\":\"2026-01-14T13:55:10+00:00\",\"mainEntityOfPage\":{\"@id\":\"https:\\\/\\\/bieganowskamusic.academy\\\/sisa-marchlik\\\/\"},\"wordCount\":112,\"commentCount\":0,\"image\":{\"@id\":\"https:\\\/\\\/bieganowskamusic.academy\\\/sisa-marchlik\\\/#primaryimage\"},\"thumbnailUrl\":\"https:\\\/\\\/bieganowskamusic.academy\\\/wp-content\\\/uploads\\\/43792941-6d93-4107-ba51-32eb24004205-e1768398352748.webp\",\"articleSection\":[\"Trenerzy\"],\"inLanguage\":\"en-GB\",\"potentialAction\":[{\"@type\":\"CommentAction\",\"name\":\"Comment\",\"target\":[\"https:\\\/\\\/bieganowskamusic.academy\\\/sisa-marchlik\\\/#respond\"]}]},{\"@type\":\"WebPage\",\"@id\":\"https:\\\/\\\/bieganowskamusic.academy\\\/sisa-marchlik\\\/\",\"url\":\"https:\\\/\\\/bieganowskamusic.academy\\\/sisa-marchlik\\\/\",\"name\":\"Maryla Modzelan - Bieganowska Music Academy\",\"isPartOf\":{\"@id\":\"https:\\\/\\\/bieganowskamusic.academy\\\/#website\"},\"primaryImageOfPage\":{\"@id\":\"https:\\\/\\\/bieganowskamusic.academy\\\/sisa-marchlik\\\/#primaryimage\"},\"image\":{\"@id\":\"https:\\\/\\\/bieganowskamusic.academy\\\/sisa-marchlik\\\/#primaryimage\"},\"thumbnailUrl\":\"https:\\\/\\\/bieganowskamusic.academy\\\/wp-content\\\/uploads\\\/43792941-6d93-4107-ba51-32eb24004205-e1768398352748.webp\",\"datePublished\":\"2024-05-31T15:34:54+00:00\",\"dateModified\":\"2026-01-14T13:55:10+00:00\",\"author\":{\"@id\":\"https:\\\/\\\/bieganowskamusic.academy\\\/#\\\/schema\\\/person\\\/3c4be4e8d40a5a8ce4b5a02aa0dea9d8\"},\"breadcrumb\":{\"@id\":\"https:\\\/\\\/bieganowskamusic.academy\\\/sisa-marchlik\\\/#breadcrumb\"},\"inLanguage\":\"en-GB\",\"potentialAction\":[{\"@type\":\"ReadAction\",\"target\":[\"https:\\\/\\\/bieganowskamusic.academy\\\/sisa-marchlik\\\/\"]}]},{\"@type\":\"ImageObject\",\"inLanguage\":\"en-GB\",\"@id\":\"https:\\\/\\\/bieganowskamusic.academy\\\/sisa-marchlik\\\/#primaryimage\",\"url\":\"https:\\\/\\\/bieganowskamusic.academy\\\/wp-content\\\/uploads\\\/43792941-6d93-4107-ba51-32eb24004205-e1768398352748.webp\",\"contentUrl\":\"https:\\\/\\\/bieganowskamusic.academy\\\/wp-content\\\/uploads\\\/43792941-6d93-4107-ba51-32eb24004205-e1768398352748.webp\",\"width\":948,\"height\":1007},{\"@type\":\"BreadcrumbList\",\"@id\":\"https:\\\/\\\/bieganowskamusic.academy\\\/sisa-marchlik\\\/#breadcrumb\",\"itemListElement\":[{\"@type\":\"ListItem\",\"position\":1,\"name\":\"Strona g\u0142\u00f3wna\",\"item\":\"https:\\\/\\\/bieganowskamusic.academy\\\/\"},{\"@type\":\"ListItem\",\"position\":2,\"name\":\"Maryla Modzelan\"}]},{\"@type\":\"WebSite\",\"@id\":\"https:\\\/\\\/bieganowskamusic.academy\\\/#website\",\"url\":\"https:\\\/\\\/bieganowskamusic.academy\\\/\",\"name\":\"Bieganowska Music Academy\",\"description\":\"\",\"potentialAction\":[{\"@type\":\"SearchAction\",\"target\":{\"@type\":\"EntryPoint\",\"urlTemplate\":\"https:\\\/\\\/bieganowskamusic.academy\\\/?s={search_term_string}\"},\"query-input\":{\"@type\":\"PropertyValueSpecification\",\"valueRequired\":true,\"valueName\":\"search_term_string\"}}],\"inLanguage\":\"en-GB\"},{\"@type\":\"Person\",\"@id\":\"https:\\\/\\\/bieganowskamusic.academy\\\/#\\\/schema\\\/person\\\/3c4be4e8d40a5a8ce4b5a02aa0dea9d8\",\"name\":\"admin\",\"image\":{\"@type\":\"ImageObject\",\"inLanguage\":\"en-GB\",\"@id\":\"https:\\\/\\\/secure.gravatar.com\\\/avatar\\\/86309daf714b88046b4cf6a83aec6e4a12aa9539f6a0827bd8aa3f7815cb5701?s=96&d=mm&r=g\",\"url\":\"https:\\\/\\\/secure.gravatar.com\\\/avatar\\\/86309daf714b88046b4cf6a83aec6e4a12aa9539f6a0827bd8aa3f7815cb5701?s=96&d=mm&r=g\",\"contentUrl\":\"https:\\\/\\\/secure.gravatar.com\\\/avatar\\\/86309daf714b88046b4cf6a83aec6e4a12aa9539f6a0827bd8aa3f7815cb5701?s=96&d=mm&r=g\",\"caption\":\"admin\"},\"sameAs\":[\"https:\\\/\\\/bieganowskamusic.academy\"],\"url\":\"https:\\\/\\\/bieganowskamusic.academy\\\/en\\\/author\\\/admin\\\/\"}]}<\/script>","yoast_head_json":{"title":"Maryla Modzelan - Bieganowska Music Academy","robots":{"index":"index","follow":"follow","max-snippet":"max-snippet:-1","max-image-preview":"max-image-preview:large","max-video-preview":"max-video-preview:-1"},"canonical":"https:\/\/bieganowskamusic.academy\/en\/sisa-marchlik\/","og_locale":"en_GB","og_type":"article","og_title":"Maryla Modzelan - Bieganowska Music Academy","og_description":"Cze\u015b\u0107! \ud83d\ude42 Jestem wokalistk\u0105, pianistk\u0105, kompozytork\u0105, performerk\u0105 i absolwentk\u0105 wokalistyki estradowej na Akademii Muzycznej w \u0141odzi. Wsp\u00f3\u0142pracowa\u0142am z takimi artystami jak Doda, Ten Typ Mes, Ania Szarmach. Utw\u00f3r mojego autorstwa promuje 11 oraz 12 edycje s\u0142ynnego programu The Voice of Poland, a g\u0142os wita Pa\u0144stwa w dzinglu Radia Z\u0142ote Przeboje. Czego mo\u017cecie si\u0119 spodziewa\u0107 na [&hellip;]","og_url":"https:\/\/bieganowskamusic.academy\/en\/sisa-marchlik\/","og_site_name":"Bieganowska Music Academy","article_published_time":"2024-05-31T15:34:54+00:00","article_modified_time":"2026-01-14T13:55:10+00:00","og_image":[{"width":948,"height":1007,"url":"https:\/\/bieganowskamusic.academy\/wp-content\/uploads\/43792941-6d93-4107-ba51-32eb24004205-e1768398352748.webp","type":"image\/webp"}],"author":"admin","twitter_card":"summary_large_image","twitter_misc":{"Written by":"admin","Estimated reading time":"1 minute"},"schema":{"@context":"https:\/\/schema.org","@graph":[{"@type":"Article","@id":"https:\/\/bieganowskamusic.academy\/sisa-marchlik\/#article","isPartOf":{"@id":"https:\/\/bieganowskamusic.academy\/sisa-marchlik\/"},"author":{"name":"admin","@id":"https:\/\/bieganowskamusic.academy\/#\/schema\/person\/3c4be4e8d40a5a8ce4b5a02aa0dea9d8"},"headline":"Maryla Modzelan","datePublished":"2024-05-31T15:34:54+00:00","dateModified":"2026-01-14T13:55:10+00:00","mainEntityOfPage":{"@id":"https:\/\/bieganowskamusic.academy\/sisa-marchlik\/"},"wordCount":112,"commentCount":0,"image":{"@id":"https:\/\/bieganowskamusic.academy\/sisa-marchlik\/#primaryimage"},"thumbnailUrl":"https:\/\/bieganowskamusic.academy\/wp-content\/uploads\/43792941-6d93-4107-ba51-32eb24004205-e1768398352748.webp","articleSection":["Trenerzy"],"inLanguage":"en-GB","potentialAction":[{"@type":"CommentAction","name":"Comment","target":["https:\/\/bieganowskamusic.academy\/sisa-marchlik\/#respond"]}]},{"@type":"WebPage","@id":"https:\/\/bieganowskamusic.academy\/sisa-marchlik\/","url":"https:\/\/bieganowskamusic.academy\/sisa-marchlik\/","name":"Maryla Modzelan - Bieganowska Music Academy","isPartOf":{"@id":"https:\/\/bieganowskamusic.academy\/#website"},"primaryImageOfPage":{"@id":"https:\/\/bieganowskamusic.academy\/sisa-marchlik\/#primaryimage"},"image":{"@id":"https:\/\/bieganowskamusic.academy\/sisa-marchlik\/#primaryimage"},"thumbnailUrl":"https:\/\/bieganowskamusic.academy\/wp-content\/uploads\/43792941-6d93-4107-ba51-32eb24004205-e1768398352748.webp","datePublished":"2024-05-31T15:34:54+00:00","dateModified":"2026-01-14T13:55:10+00:00","author":{"@id":"https:\/\/bieganowskamusic.academy\/#\/schema\/person\/3c4be4e8d40a5a8ce4b5a02aa0dea9d8"},"breadcrumb":{"@id":"https:\/\/bieganowskamusic.academy\/sisa-marchlik\/#breadcrumb"},"inLanguage":"en-GB","potentialAction":[{"@type":"ReadAction","target":["https:\/\/bieganowskamusic.academy\/sisa-marchlik\/"]}]},{"@type":"ImageObject","inLanguage":"en-GB","@id":"https:\/\/bieganowskamusic.academy\/sisa-marchlik\/#primaryimage","url":"https:\/\/bieganowskamusic.academy\/wp-content\/uploads\/43792941-6d93-4107-ba51-32eb24004205-e1768398352748.webp","contentUrl":"https:\/\/bieganowskamusic.academy\/wp-content\/uploads\/43792941-6d93-4107-ba51-32eb24004205-e1768398352748.webp","width":948,"height":1007},{"@type":"BreadcrumbList","@id":"https:\/\/bieganowskamusic.academy\/sisa-marchlik\/#breadcrumb","itemListElement":[{"@type":"ListItem","position":1,"name":"Strona g\u0142\u00f3wna","item":"https:\/\/bieganowskamusic.academy\/"},{"@type":"ListItem","position":2,"name":"Maryla Modzelan"}]},{"@type":"WebSite","@id":"https:\/\/bieganowskamusic.academy\/#website","url":"https:\/\/bieganowskamusic.academy\/","name":"Bieganowska Music Academy","description":"","potentialAction":[{"@type":"SearchAction","target":{"@type":"EntryPoint","urlTemplate":"https:\/\/bieganowskamusic.academy\/?s={search_term_string}"},"query-input":{"@type":"PropertyValueSpecification","valueRequired":true,"valueName":"search_term_string"}}],"inLanguage":"en-GB"},{"@type":"Person","@id":"https:\/\/bieganowskamusic.academy\/#\/schema\/person\/3c4be4e8d40a5a8ce4b5a02aa0dea9d8","name":"admin","image":{"@type":"ImageObject","inLanguage":"en-GB","@id":"https:\/\/secure.gravatar.com\/avatar\/86309daf714b88046b4cf6a83aec6e4a12aa9539f6a0827bd8aa3f7815cb5701?s=96&d=mm&r=g","url":"https:\/\/secure.gravatar.com\/avatar\/86309daf714b88046b4cf6a83aec6e4a12aa9539f6a0827bd8aa3f7815cb5701?s=96&d=mm&r=g","contentUrl":"https:\/\/secure.gravatar.com\/avatar\/86309daf714b88046b4cf6a83aec6e4a12aa9539f6a0827bd8aa3f7815cb5701?s=96&d=mm&r=g","caption":"admin"},"sameAs":["https:\/\/bieganowskamusic.academy"],"url":"https:\/\/bieganowskamusic.academy\/en\/author\/admin\/"}]}},"_links":{"self":[{"href":"https:\/\/bieganowskamusic.academy\/en\/wp-json\/wp\/v2\/posts\/48","targetHints":{"allow":["GET"]}}],"collection":[{"href":"https:\/\/bieganowskamusic.academy\/en\/wp-json\/wp\/v2\/posts"}],"about":[{"href":"https:\/\/bieganowskamusic.academy\/en\/wp-json\/wp\/v2\/types\/post"}],"author":[{"embeddable":true,"href":"https:\/\/bieganowskamusic.academy\/en\/wp-json\/wp\/v2\/users\/1"}],"replies":[{"embeddable":true,"href":"https:\/\/bieganowskamusic.academy\/en\/wp-json\/wp\/v2\/comments?post=48"}],"version-history":[{"count":11,"href":"https:\/\/bieganowskamusic.academy\/en\/wp-json\/wp\/v2\/posts\/48\/revisions"}],"predecessor-version":[{"id":172,"href":"https:\/\/bieganowskamusic.academy\/en\/wp-json\/wp\/v2\/posts\/48\/revisions\/172"}],"wp:featuredmedia":[{"embeddable":true,"href":"https:\/\/bieganowskamusic.academy\/en\/wp-json\/wp\/v2\/media\/78"}],"wp:attachment":[{"href":"https:\/\/bieganowskamusic.academy\/en\/wp-json\/wp\/v2\/media?parent=48"}],"wp:term":[{"taxonomy":"category","embeddable":true,"href":"https:\/\/bieganowskamusic.academy\/en\/wp-json\/wp\/v2\/categories?post=48"},{"taxonomy":"post_tag","embeddable":true,"href":"https:\/\/bieganowskamusic.academy\/en\/wp-json\/wp\/v2\/tags?post=48"}],"curies":[{"name":"wp","href":"https:\/\/api.w.org\/{rel}","templated":true}]}}